{"id":68110,"date":"2023-05-05T10:41:14","date_gmt":"2023-05-05T09:41:14","guid":{"rendered":"https:\/\/linetchanvrebio.org\/?p=68110"},"modified":"2024-04-22T14:36:24","modified_gmt":"2024-04-22T13:36:24","slug":"hemp4circularity-pour-une-fibre-ecologique-innovante-locale-et-biosourcee-dans-la-chaine-de-valeur-textile-de-leurope-du-nord-ouest","status":"publish","type":"post","link":"https:\/\/linetchanvrebio.org\/index.php\/2023\/05\/05\/hemp4circularity-pour-une-fibre-ecologique-innovante-locale-et-biosourcee-dans-la-chaine-de-valeur-textile-de-leurope-du-nord-ouest\/","title":{"rendered":"Hemp4Circularity : pour une fibre \u00e9cologique, innovante, locale et biosourc\u00e9e dans la cha\u00eene de valeur textile de l&rsquo;Europe du Nord-Ouest."},"content":{"rendered":"\n<p><\/p>\n\n\n\n<p><strong>Le projet europ\u00e9en Interreg North-West Europe Hemp4Circularity \u2013 le chanvre comme moteur de circularit\u00e9 dans l\u2019industrie textile : du champ \u00e0 la fibre recycl\u00e9e \u2013 a \u00e9t\u00e9 approuv\u00e9 fin mars 2023. C&rsquo;est donc le top d\u00e9part pour 3 ans \u00e0 d\u00e9velopper \u00e0 \u00e9chelle industrielle des fibres longues de chanvre, du champ \u00e0 la mode et recyclage pour initier une fili\u00e8re chanvre textile locale et circulaire en Europe du Nord-Ouest.<\/strong><\/p>\n\n\n\n<figure class=\"wp-block-image size-large\"><img loading=\"lazy\" decoding=\"async\" width=\"1024\" height=\"683\" src=\"https:\/\/linetchanvrebio.org\/wp-content\/uploads\/36-1024x683.jpg\" alt=\"\" class=\"wp-image-68113\" srcset=\"https:\/\/linetchanvrebio.org\/wp-content\/uploads\/36-1024x683.jpg 1024w, https:\/\/linetchanvrebio.org\/wp-content\/uploads\/36-300x200.jpg 300w, https:\/\/linetchanvrebio.org\/wp-content\/uploads\/36-150x100.jpg 150w, https:\/\/linetchanvrebio.org\/wp-content\/uploads\/36-768x512.jpg 768w, https:\/\/linetchanvrebio.org\/wp-content\/uploads\/36-1536x1024.jpg 1536w, https:\/\/linetchanvrebio.org\/wp-content\/uploads\/36-2048x1365.jpg 2048w\" sizes=\"auto, (max-width: 1024px) 100vw, 1024px\" \/><\/figure>\n\n\n\n<p><strong>Un projet pour impl\u00e9menter le chanvre textile \u00e0 \u00e9chelle industrielle<\/strong><\/p>\n\n\n\n<p>Le projet vise \u00e0 impl\u00e9menter \u00e0 \u00e9chelle industrielle le chanvre textile dit \u00ab\u00a0fibres longues\u00a0\u00bb dans la cha\u00eene de valeur textile europ\u00e9enne. Un projet dot\u00e9 d\u2019un budget total de 3.800.000 euros qui s\u2019appuie sur tous les maillons de la cha\u00eene de transformation du chanvre textile et du lin fibre, de la culture \u00e0 la fabrication de tissu et au recyclage, dans une logique d\u2019\u00e9conomie circulaire.<\/p>\n\n\n\n<p>En savoir plus sur le projet<\/p>\n\n\n\n<p><strong>Hemp4Circularity, c\u2019est quoi&nbsp;?<\/strong><br>C&rsquo;est une d\u00e9marche in\u00e9dite qui :<\/p>\n\n\n\n<ul class=\"wp-block-list\">\n<li>pose les bases d\u2019une fili\u00e8re en d\u00e9marrage pleine de promesses ;<\/li>\n\n\n\n<li>vise \u00e0 amplifier l\u2019\u00e9conomie circulaire dans le textile ;<\/li>\n\n\n\n<li>vise \u00e0 acc\u00e9l\u00e9rer la croissance et la souverainet\u00e9 des industriels nord-ouest europ\u00e9ens.<\/li>\n<\/ul>\n\n\n\n<p>La cha\u00eene de valeur du chanvre textile \u00ab\u00a0fibres longues\u00a0\u00bb est compl\u00e9mentaire \u00e0 la cha\u00eene de valeur du lin fibre dont l\u2019Europe de l\u2019Ouest est le premier producteur mondial. Une d\u00e9marche qui s\u2019inscrit dans un contexte de r\u00e9industrialisation textile redevenu possible pour les fibres v\u00e9g\u00e9tales locales.<\/p>\n\n\n\n<p><strong>Hemp4Circularity, quels objectifs ?<\/strong><br>Des pilotes d\u2019exp\u00e9rimentation vont \u00eatre d\u00e9ploy\u00e9s \u00e0 chaque stade de production : essais culturaux, m\u00e9canisation de la r\u00e9colte, production de donn\u00e9es agricoles, process de transformation fibre, fil, tissu et maille, produits finis, et solutions de recyclage.<\/p>\n\n\n\n<p>Un module de diss\u00e9mination cibl\u00e9, dont des actions de sensibilisation et des formations d\u00e9di\u00e9es avec des workshops et des conf\u00e9rences, est int\u00e9gr\u00e9 tout au long des 3 ann\u00e9es. La communication men\u00e9e aupr\u00e8s des parties prenantes et des cibles externes aura pour objectif d\u2019apporter une connaissance pragmatique et mesur\u00e9e du chanvre textile europ\u00e9en aupr\u00e8s des marques et utilisateurs finaux.<\/p>\n\n\n\n<p><strong>Pour qui ?<\/strong><br>Le projet vise \u00e0 apporter des opportunit\u00e9s :<\/p>\n\n\n\n<ul class=\"wp-block-list\">\n<li>aux agriculteurs en int\u00e9grant dans la rotation une culture rentable \u00e0 impact positif et appuy\u00e9e sur des donn\u00e9es mesur\u00e9es ;<\/li>\n\n\n\n<li>aux acteurs de la fili\u00e8re chanvre, avec un d\u00e9bouch\u00e9 compl\u00e9mentaire ;<\/li>\n\n\n\n<li>aux acteurs de la fili\u00e8re lin, avec une fibre compl\u00e9mentaire qui \u00e9largira les possibilit\u00e9s de ce secteur ;<\/li>\n\n\n\n<li>\u00e0 l&rsquo;industrie textile, les marques \u00e9tant en demande de mati\u00e8res premi\u00e8res naturelles, tra\u00e7ables, locales et durables ;<\/li>\n\n\n\n<li>les consommateurs, aussi en demande et en qu\u00eate d\u2019informations sur les fibres naturelles.<\/li>\n<\/ul>\n\n\n\n<p><strong>Les partenaires du projet<\/strong><br>Hemp4Circularity, une initiative et une coordination port\u00e9e par Valbiom, b\u00e9n\u00e9ficie d\u2019un partage de connaissance et d\u2019expertises plurielles gr\u00e2ce \u00e0 une coop\u00e9ration transnationale d\u2019industriels et d\u2019organisations repr\u00e9sentatives issus de 4 pays d\u2019Europe du Nord-Ouest. 11 partenaires pluridisciplinaires, compl\u00e9mentaires et engag\u00e9s pour une ambition commune : faire \u00e9merger 1 fili\u00e8re chanvre textile circulaire locale.<\/p>\n\n\n\n<p>Belgique :<\/p>\n\n\n\n<ul class=\"wp-block-list\">\n<li>Valbiom, association de solutions durables en \u00e9conomie biosourc\u00e9e<\/li>\n\n\n\n<li>Inagro, centre de recherche agronomique<\/li>\n\n\n\n<li>HOGENT, universit\u00e9 de sciences appliqu\u00e9es et arts, centre de recherche textile et habillement FTILab+ et centre de recherche agronomique AgroFoodNature<\/li>\n\n\n\n<li>Libeco, tisseur de lin<\/li>\n\n\n\n<li>Hyler, constructeur de machines de r\u00e9colte<\/li>\n<\/ul>\n\n\n\n<p>France :<\/p>\n\n\n\n<ul class=\"wp-block-list\">\n<li>Alliance for European Flax-Linen &amp; Hemp, organisation agro-industrielle europ\u00e9enne<\/li>\n\n\n\n<li>L\u2019Association fran\u00e7aise Lin et Chanvre Bio<\/li>\n\n\n\n<li>Safilin, filateur au sec et au mouill\u00e9<\/li>\n<\/ul>\n\n\n\n<p>Pays Bas :<\/p>\n\n\n\n<ul class=\"wp-block-list\">\n<li>Van de Bilt, s\u00e9lectionneur et producteur de semences, teillage et peignage de lin<\/li>\n\n\n\n<li>Delphy, recherche et conseil agricole, digitalisation des donn\u00e9es agricoles<\/li>\n<\/ul>\n\n\n\n<p>Allemagne :<\/p>\n\n\n\n<ul class=\"wp-block-list\">\n<li>Natuvalis, unit\u00e9 de d\u00e9fibrage<\/li>\n<\/ul>\n\n\n\n<p>5 partenaires associ\u00e9s compl\u00e8tent le dispositif :<\/p>\n\n\n\n<ul class=\"wp-block-list\">\n<li>EIHA, The European Industrial Hemp Association<\/li>\n\n\n\n<li>ETP, la Plateforme Technologique Europ\u00e9enne textile et habillement<\/li>\n\n\n\n<li>BaFa, unit\u00e9 de d\u00e9fibrage chanvre allemande<\/li>\n\n\n\n<li>Hempage, marque de mode allemande<\/li>\n\n\n\n<li>Bioeconomy for Change, p\u00f4le de comp\u00e9titivit\u00e9 fran\u00e7ais<\/li>\n<\/ul>\n\n\n\n<p><strong>Les chiffres cl\u00e9s<\/strong><\/p>\n\n\n\n<p>A propos de Hemp4Circularity :<\/p>\n\n\n\n<ul class=\"wp-block-list\">\n<li>Projet Interreg North-West Europe<\/li>\n\n\n\n<li>Dur\u00e9e : 2023 &#8211; 2026 (23 mars 2023 \u2013 22 mars 2026)<\/li>\n\n\n\n<li>Budget total : 3.811.323,42\u20ac\n<ul class=\"wp-block-list\">\n<li>Financement ERDF : 2.286.794,01\u20ac<\/li>\n<\/ul>\n<\/li>\n<\/ul>\n\n\n\n<p>Suivez les actualit\u00e9s du projet sur LinkedIn : <a href=\"https:\/\/www.linkedin.com\/company\/hemp4circularity\/\" data-type=\"URL\" data-id=\"https:\/\/www.linkedin.com\/company\/hemp4circularity\/\">Hemp4Circularity<\/a><\/p>\n\n\n\n<p><a href=\"https:\/\/hemp4circularity.nweurope.eu\/\" data-type=\"URL\" data-id=\"https:\/\/hemp4circularity.nweurope.eu\/\"> <\/a><\/p>\n\n\n\n<div class=\"wp-block-buttons is-content-justification-center is-layout-flex wp-container-core-buttons-is-layout-16018d1d wp-block-buttons-is-layout-flex\">\n<div class=\"wp-block-button\"><a class=\"wp-block-button__link wp-element-button\" href=\"https:\/\/hemp4circularity.nweurope.eu\/\" target=\"_blank\" rel=\"noreferrer noopener\">Le site H4C<\/a><\/div>\n\n\n\n<div class=\"wp-block-button\"><a class=\"wp-block-button__link wp-element-button\" href=\"https:\/\/www.nweurope.eu\/\" target=\"_blank\" rel=\"noreferrer noopener\">Le site Interreg NWE<\/a><\/div>\n<\/div>\n\n\n\n<figure class=\"wp-block-gallery has-nested-images columns-default is-cropped wp-block-gallery-1 is-layout-flex wp-block-gallery-is-layout-flex\">\n<figure class=\"wp-block-image size-large is-resized\"><img loading=\"lazy\" decoding=\"async\" data-id=\"68300\" src=\"https:\/\/linetchanvrebio.org\/wp-content\/uploads\/Interreg-Logo-North-West-Europe-RGB-Color-01-1024x309.jpg\" alt=\"\" class=\"wp-image-68300\" width=\"256\" height=\"77\" srcset=\"https:\/\/linetchanvrebio.org\/wp-content\/uploads\/Interreg-Logo-North-West-Europe-RGB-Color-01-1024x309.jpg 1024w, https:\/\/linetchanvrebio.org\/wp-content\/uploads\/Interreg-Logo-North-West-Europe-RGB-Color-01-300x90.jpg 300w, https:\/\/linetchanvrebio.org\/wp-content\/uploads\/Interreg-Logo-North-West-Europe-RGB-Color-01-150x45.jpg 150w, https:\/\/linetchanvrebio.org\/wp-content\/uploads\/Interreg-Logo-North-West-Europe-RGB-Color-01-768x232.jpg 768w, https:\/\/linetchanvrebio.org\/wp-content\/uploads\/Interreg-Logo-North-West-Europe-RGB-Color-01-1536x463.jpg 1536w, https:\/\/linetchanvrebio.org\/wp-content\/uploads\/Interreg-Logo-North-West-Europe-RGB-Color-01.jpg 1903w\" sizes=\"auto, (max-width: 256px) 100vw, 256px\" \/><\/figure>\n<\/figure>\n\n\n\n<figure class=\"wp-block-image size-full is-resized\"><img loading=\"lazy\" decoding=\"async\" src=\"https:\/\/linetchanvrebio.org\/wp-content\/uploads\/Logo_H4C_JPG100.jpg\" alt=\"\" class=\"wp-image-68301\" width=\"246\" height=\"115\" srcset=\"https:\/\/linetchanvrebio.org\/wp-content\/uploads\/Logo_H4C_JPG100.jpg 356w, https:\/\/linetchanvrebio.org\/wp-content\/uploads\/Logo_H4C_JPG100-300x140.jpg 300w, https:\/\/linetchanvrebio.org\/wp-content\/uploads\/Logo_H4C_JPG100-150x70.jpg 150w\" sizes=\"auto, (max-width: 246px) 100vw, 246px\" \/><\/figure>\n\n\n\n<figure class=\"wp-block-image size-large\"><img loading=\"lazy\" decoding=\"async\" width=\"1024\" height=\"124\" src=\"https:\/\/linetchanvrebio.org\/wp-content\/uploads\/H4C_Financial-supports_All-logos-1-1024x124.jpg\" alt=\"\" class=\"wp-image-68540\" srcset=\"https:\/\/linetchanvrebio.org\/wp-content\/uploads\/H4C_Financial-supports_All-logos-1-1024x124.jpg 1024w, https:\/\/linetchanvrebio.org\/wp-content\/uploads\/H4C_Financial-supports_All-logos-1-300x36.jpg 300w, https:\/\/linetchanvrebio.org\/wp-content\/uploads\/H4C_Financial-supports_All-logos-1-150x18.jpg 150w, https:\/\/linetchanvrebio.org\/wp-content\/uploads\/H4C_Financial-supports_All-logos-1-768x93.jpg 768w, https:\/\/linetchanvrebio.org\/wp-content\/uploads\/H4C_Financial-supports_All-logos-1-1536x186.jpg 1536w, https:\/\/linetchanvrebio.org\/wp-content\/uploads\/H4C_Financial-supports_All-logos-1-2048x249.jpg 2048w\" sizes=\"auto, (max-width: 1024px) 100vw, 1024px\" \/><\/figure>\n","protected":false},"excerpt":{"rendered":"<p>Le projet europ\u00e9en Interreg North-West Europe Hemp4Circularity \u2013 le chanvre comme moteur de circularit\u00e9 dans l\u2019industrie textile : du champ \u00e0 la fibre recycl\u00e9e \u2013 a \u00e9t\u00e9 approuv\u00e9 fin mars 2023. C&rsquo;est donc le top d\u00e9part pour 3 ans \u00e0 d\u00e9velopper \u00e0 \u00e9chelle industrielle des fibres longues de chanvre, du champ \u00e0 la mode et &hellip; <a href=\"https:\/\/linetchanvrebio.org\/index.php\/2023\/05\/05\/hemp4circularity-pour-une-fibre-ecologique-innovante-locale-et-biosourcee-dans-la-chaine-de-valeur-textile-de-leurope-du-nord-ouest\/\" class=\"more-link\">Continuer la lecture de <span class=\"screen-reader-text\">Hemp4Circularity : pour une fibre \u00e9cologique, innovante, locale et biosourc\u00e9e dans la cha\u00eene de valeur textile de l&rsquo;Europe du Nord-Ouest.<\/span> <span class=\"meta-nav\">&rarr;<\/span><\/a><\/p>\n","protected":false},"author":31,"featured_media":0,"comment_status":"open","ping_status":"open","sticky":false,"template":"","format":"standard","meta":{"footnotes":""},"categories":[3,46,32],"tags":[12,41,42,13],"class_list":["post-68110","post","type-post","status-publish","format-standard","hentry","category-evenement","category-hemp-4-circularity","category-le-chanvre-textile","tag-chanvre","tag-europe","tag-industrie","tag-textile"],"_links":{"self":[{"href":"https:\/\/linetchanvrebio.org\/index.php\/wp-json\/wp\/v2\/posts\/68110","targetHints":{"allow":["GET"]}}],"collection":[{"href":"https:\/\/linetchanvrebio.org\/index.php\/wp-json\/wp\/v2\/posts"}],"about":[{"href":"https:\/\/linetchanvrebio.org\/index.php\/wp-json\/wp\/v2\/types\/post"}],"author":[{"embeddable":true,"href":"https:\/\/linetchanvrebio.org\/index.php\/wp-json\/wp\/v2\/users\/31"}],"replies":[{"embeddable":true,"href":"https:\/\/linetchanvrebio.org\/index.php\/wp-json\/wp\/v2\/comments?post=68110"}],"version-history":[{"count":5,"href":"https:\/\/linetchanvrebio.org\/index.php\/wp-json\/wp\/v2\/posts\/68110\/revisions"}],"predecessor-version":[{"id":68541,"href":"https:\/\/linetchanvrebio.org\/index.php\/wp-json\/wp\/v2\/posts\/68110\/revisions\/68541"}],"wp:attachment":[{"href":"https:\/\/linetchanvrebio.org\/index.php\/wp-json\/wp\/v2\/media?parent=68110"}],"wp:term":[{"taxonomy":"category","embeddable":true,"href":"https:\/\/linetchanvrebio.org\/index.php\/wp-json\/wp\/v2\/categories?post=68110"},{"taxonomy":"post_tag","embeddable":true,"href":"https:\/\/linetchanvrebio.org\/index.php\/wp-json\/wp\/v2\/tags?post=68110"}],"curies":[{"name":"wp","href":"https:\/\/api.w.org\/{rel}","templated":true}]}}