{"id":67945,"date":"2022-11-18T16:13:14","date_gmt":"2022-11-18T15:13:14","guid":{"rendered":"https:\/\/linetchanvrebio.org\/?p=67945"},"modified":"2022-11-18T16:17:09","modified_gmt":"2022-11-18T15:17:09","slug":"adherents-et-partenaires","status":"publish","type":"post","link":"https:\/\/linetchanvrebio.org\/index.php\/2022\/11\/18\/adherents-et-partenaires\/","title":{"rendered":"Adh\u00e9rents et partenaires"},"content":{"rendered":"\n<p class=\"has-text-align-center has-large-font-size\"><strong><mark style=\"background-color:rgba(0, 0, 0, 0)\" class=\"has-inline-color has-medium-orange-color\">Nos partenaires financiers<\/mark><\/strong><\/p>\n\n\n\n<ul class=\"wp-block-list\">\n<li>l&rsquo;Agence de l&rsquo;Eau Seine-Normandie&nbsp;&nbsp; &nbsp; &nbsp; &nbsp; &nbsp; &nbsp; &nbsp; &nbsp; &nbsp; &nbsp;&nbsp; &nbsp; <\/li>\n\n\n\n<li>le Minist\u00e8re de l&rsquo;Agriculture et de la Souverainet\u00e9 Alimentaire &nbsp;&nbsp; <a href=\"https:\/\/agriculture.gouv.fr\/\"><\/a><\/li>\n\n\n\n<li>la R\u00e9gion Normandie&nbsp;&nbsp;&nbsp;&nbsp;&nbsp;&nbsp;&nbsp;&nbsp;&nbsp;&nbsp;&nbsp;&nbsp;&nbsp;&nbsp;&nbsp;&nbsp;&nbsp;&nbsp;&nbsp;&nbsp;&nbsp;&nbsp;&nbsp;&nbsp;&nbsp;&nbsp;&nbsp;&nbsp;&nbsp;&nbsp;&nbsp;&nbsp;&nbsp;&nbsp;&nbsp;&nbsp; &nbsp;&nbsp; &nbsp;&nbsp;&nbsp;&nbsp;&nbsp;&nbsp;&nbsp;&nbsp;&nbsp; <a href=\"https:\/\/www.normandie.fr\/\"><\/a><\/li>\n<\/ul>\n\n\n\n<p>En 2022, les actions de l&rsquo;association concernant le chanvre sont soutenues par l&rsquo;Agence de l&rsquo;eau Seine-Normandie dans le cadre du projet \u00ab\u00a0l&rsquo;agriculture s&rsquo;adapte au changement climatique\u00a0\u00bb, et les actions relatives au lin sont soutenues par par l\u2019\u00c9tat dans le cadre du programme \u00ab\u00a0animation agriculture biologique\u00a0\u00bb.<\/p>\n\n\n\n<p class=\"has-text-align-center has-large-font-size\"><strong><mark style=\"background-color:rgba(0, 0, 0, 0)\" class=\"has-inline-color has-medium-orange-color\">Les agriculteurs<\/mark><\/strong><\/p>\n\n\n\n<ul class=\"wp-block-list\">\n<li>Bruno et Gabriele CHARLES<\/li>\n\n\n\n<li>Catherine HENNEBERT<\/li>\n\n\n\n<li>Christophe DERREUMEUX et Christine MONTFORT<\/li>\n\n\n\n<li>Christophe HAMOT<\/li>\n\n\n\n<li><a href=\"http:\/\/cidre.fr\/\">Cidre de Saint Aignan sur Ry<\/a>&nbsp;| Olivier LAINE et Olivier NAVE<\/li>\n\n\n\n<li>EARL Baubion | Dominique et Germain BAUBION<\/li>\n\n\n\n<li>EARL de Faverolles | Bertrand MILCENT<\/li>\n\n\n\n<li>EARL de la Croix Floquet | Christophe DE PREAUMONT<\/li>\n\n\n\n<li>EARL de la mare de la Boudini\u00e8re | Emmanuel BERNEVAL<\/li>\n\n\n\n<li>EARL de la petite fontaine | ROUSSEAU<\/li>\n\n\n\n<li><a href=\"https:\/\/www.facebook.com\/leschampsdebray\/\" data-type=\"URL\" data-id=\"https:\/\/www.facebook.com\/leschampsdebray\/\">EARL des Champs de Bray<\/a> | Agn\u00e8s, Charl\u00e8ne et Thomas FOURDINIER<\/li>\n\n\n\n<li>EARL des coquelicots | Blandine et Pascal ZOUTARD<\/li>\n\n\n\n<li><a href=\"https:\/\/www.facebook.com\/Lacasebio7vallees\/\">EARL des jardins<\/a> | Pierre-Elie et Claire DEQUIDT<\/li>\n\n\n\n<li>EARL des marais | Philippe et Thomas VAN DER HEYDEN<\/li>\n\n\n\n<li>EARL du Moret | Elisabeth, Benoist et Victor LEFORESTIER<\/li>\n\n\n\n<li>EARL du moulin de Bayeux | Joris SOENEN<\/li>\n\n\n\n<li>EARL du petit march\u00e9 | Xavier CARRON<\/li>\n\n\n\n<li>EARL du vieux buisson | Ludovic RIVIERE<\/li>\n\n\n\n<li>EARL Langlois<\/li>\n\n\n\n<li>EI VAN COLEN&nbsp;| Sandrine et Benoist VAN COLEN<\/li>\n\n\n\n<li><a href=\"https:\/\/www.facebook.com\/chevreriedebonneenfance\/\" data-type=\"URL\">Ferme Bonne Enfance<\/a><a href=\"https:\/\/www.ouacheterlocal.fr\/producteur\/ferme-de-la-bonne-enfance-deltour-antoine\/770\" data-type=\"URL\" data-id=\"https:\/\/www.ouacheterlocal.fr\/producteur\/ferme-de-la-bonne-enfance-deltour-antoine\/770\"> <\/a>| Antoine DELTOUR<\/li>\n\n\n\n<li>Ferme MOUCHEL<\/li>\n\n\n\n<li>GAEC Delahais | Thomas et Antoine DELAHAIS<\/li>\n\n\n\n<li><a href=\"https:\/\/www.facebook.com\/lespresdartemare\/\" data-type=\"URL\" data-id=\"https:\/\/www.facebook.com\/lespresdartemare\/\">GAEC des pr\u00e9s d&rsquo;Artemare<\/a> | Sophie et Mathieu GRENIER<\/li>\n\n\n\n<li><a href=\"https:\/\/www.facebook.com\/Labergereduvivier\/\" data-type=\"URL\" data-id=\"https:\/\/www.facebook.com\/Labergereduvivier\/\">La bergerie du Vivier<\/a> | Carole DEBRUYNE-DELATRE<\/li>\n\n\n\n<li><a href=\"https:\/\/www.normandiealaferme.com\/normandie\/calvados\/st-vaast-sur-seulles\/ferme\/la-ferme-de-la-moissonniere\/626247\" data-type=\"URL\" data-id=\"https:\/\/www.normandiealaferme.com\/normandie\/calvados\/st-vaast-sur-seulles\/ferme\/la-ferme-de-la-moissonniere\/626247\">La ferme de la Moissonni\u00e8re<\/a> | Christophe MOUCHEL<\/li>\n\n\n\n<li>La ferme de la Randouerie<\/li>\n\n\n\n<li>La ferme du petit bois | David LEGER<\/li>\n\n\n\n<li>M\u00e9line SCHMIT | Linicultrice<\/li>\n\n\n\n<li>Philippe LAMBERT<\/li>\n\n\n\n<li>Robert AUBREE<\/li>\n\n\n\n<li>Pesu Leena | Linicultrice (Finlande)<\/li>\n\n\n\n<li>SCEA de Brecy | Franck DUROCHER<\/li>\n\n\n\n<li>SCEA du Beaudrouard | C\u00f4me et Simon PESQUET<\/li>\n\n\n\n<li>SCEA du Frenoy | Alexis MANGEOT<\/li>\n\n\n\n<li>SCEA Fache | Flavien FACHE<\/li>\n\n\n\n<li><a href=\"https:\/\/www.cochon-lafermehougerville.com\" data-type=\"URL\" data-id=\"https:\/\/www.cochon-lafermehougerville.com\">SCEA Ferme Hougerville<\/a><\/li>\n\n\n\n<li><a href=\"https:\/\/fr-fr.facebook.com\/people\/Scea-ferme-du-Marais\/100054479379786\/\" data-type=\"URL\" data-id=\"https:\/\/fr-fr.facebook.com\/people\/Scea-ferme-du-Marais\/100054479379786\/\">SCEA Ferme du Marais<\/a>  | Eug\u00e9nie GAUTIER<\/li>\n\n\n\n<li>SCEA Jubert | Franck Jubert<\/li>\n\n\n\n<li>SCEA Pomikal | Henri POMIKAL<\/li>\n\n\n\n<li>Thibault DEFRANCE<\/li>\n<\/ul>\n\n\n\n<p class=\"has-text-align-center has-large-font-size\"><strong><mark style=\"background-color:rgba(0, 0, 0, 0)\" class=\"has-inline-color has-medium-orange-color\">Travail de la fibre&nbsp;: teillage, d\u00e9fibrage<\/mark><\/strong><\/p>\n\n\n\n<ul class=\"wp-block-list\">\n<li><a href=\"https:\/\/calira.fr\/\" data-type=\"URL\" data-id=\"https:\/\/calira.fr\/\">Calira<\/a> | Coop\u00e9rative agricole lini\u00e8re de la r\u00e9gion d&rsquo;Abbeville &#8211; Teillage<\/li>\n\n\n\n<li><a href=\"https:\/\/www.cavac-biomateriaux.com\/\">Cavac<\/a> | Coop\u00e9rative agricole chanvri\u00e8re &#8211; D\u00e9fibrage<\/li>\n\n\n\n<li><a href=\"https:\/\/www.facebook.com\/pages\/Coop\u00e9rative-Agricole-Lini\u00e8re-du-Nord-de-Caen\/1703882389910854\" data-type=\"URL\" data-id=\"https:\/\/www.facebook.com\/pages\/Coop\u00e9rative-Agricole-Lini\u00e8re-du-Nord-de-Caen\/1703882389910854\">Coop\u00e9rative lini\u00e8re du nord de Caen<\/a>&nbsp;| Teillage&nbsp; (Villons les Buissons)<\/li>\n\n\n\n<li>Coop\u00e9rative de teillage&nbsp; du plateau du Neubourg&nbsp;|&nbsp;Teillage<\/li>\n\n\n\n<li><a href=\"http:\/\/www.usrtl-ifl.fr\/spip.php?article24\" data-type=\"URL\" data-id=\"http:\/\/www.usrtl-ifl.fr\/spip.php?article24\">Ets Devogele<\/a>&nbsp;| Teillage lin<\/li>\n\n\n\n<li><a href=\"https:\/\/www.facebook.com\/Hemp-Act-105592094501648\" data-type=\"URL\" data-id=\"https:\/\/www.facebook.com\/Hemp-Act-105592094501648\">Hemp&nbsp;act&nbsp;<\/a>|&nbsp; D\u00e9fibreur &#8211; Affineur<\/li>\n\n\n\n<li><a href=\"http:\/\/www.laliniere.fr\/LALINIERE_WEB\/FR\/accueil.awp\" data-type=\"URL\" data-id=\"http:\/\/www.laliniere.fr\/LALINIERE_WEB\/FR\/accueil.awp\">L.A. Lini\u00e8re<\/a>&nbsp;| Teillage lin<\/li>\n\n\n\n<li><a href=\"http:\/\/lachanvriere.com\" data-type=\"URL\" data-id=\"http:\/\/lachanvriere.com\">La Chanvri\u00e8re&nbsp;|<\/a> Chanvri\u00e8re &#8211; D\u00e9fibrage<\/li>\n\n\n\n<li><a href=\"https:\/\/peignagedumortier.fr\" data-type=\"URL\" data-id=\"https:\/\/peignagedumortier.fr\">Peignage Dumortier<\/a>&nbsp;| Peignage toutes fibres, \u00e9toupes<\/li>\n\n\n\n<li><a href=\"https:\/\/planetechanvre.com\" data-type=\"URL\" data-id=\"https:\/\/planetechanvre.com\">Plan\u00e8te Chanvre<\/a>&nbsp;| Chanvri\u00e8re \u2013 D\u00e9fibrageTerre de Lin | Teillage lin<\/li>\n\n\n\n<li><a href=\"http:\/\/www.terredelin.com\/HP\/HPInternet.aspx\" data-type=\"URL\" data-id=\"http:\/\/www.terredelin.com\/HP\/HPInternet.aspx\">Terre de Lin<\/a> | Teillage lin<\/li>\n<\/ul>\n\n\n\n<p class=\"has-text-align-center has-large-font-size\"><strong><mark style=\"background-color:rgba(0, 0, 0, 0)\" class=\"has-inline-color has-medium-orange-color\"> Mat\u00e9riel agricole et industriel<\/mark><\/strong><\/p>\n\n\n\n<ul class=\"wp-block-list\">\n<li><a href=\"https:\/\/www.alliance-mt.com\/fr\" data-type=\"URL\" data-id=\"https:\/\/www.alliance-mt.com\/fr\">Alliance<\/a> | Machine Textile<\/li>\n\n\n\n<li><a href=\"http:\/\/www.cretes.be\/index-fr.aspx\" data-type=\"URL\" data-id=\"http:\/\/www.cretes.be\/index-fr.aspx\">Cretes union<\/a>&nbsp;| Machinisme<\/li>\n\n\n\n<li>David Renaud&nbsp;| Expert m\u00e9catronique<\/li>\n\n\n\n<li><a href=\"https:\/\/www.depoortere.be\" data-type=\"URL\" data-id=\"https:\/\/www.depoortere.be\">Depoortere<\/a>&nbsp;| Machines agricoles et industrielles&nbsp;<\/li>\n\n\n\n<li>Goflax&nbsp;| Benoit Gaujard<\/li>\n\n\n\n<li><a href=\"https:\/\/www.enit.fr\/fr\/index.html\">Hemp It&nbsp;&#8211; ADN<\/a>| Production et commercialisation semences de chanvre<\/li>\n\n\n\n<li><a href=\"https:\/\/www.hyler.be\/fr\/\" data-type=\"URL\" data-id=\"https:\/\/www.hyler.be\/fr\/\">Hyler <\/a> | Machines agricoles <\/li>\n\n\n\n<li><a href=\"http:\/\/www.nsc-schlumberger.fr\" data-type=\"URL\" data-id=\"http:\/\/www.nsc-schlumberger.fr\">Schlumberger<\/a> | Machines industrielles<\/li>\n\n\n\n<li><a href=\"http:\/\/www.terredelin.com\/HP\/HPInternet.aspx\">Terre de Lin<\/a> | Semences lin<\/li>\n\n\n\n<li><a href=\"http:\/\/www.valeriozucchini.com\" data-type=\"URL\" data-id=\"http:\/\/www.valeriozucchini.com\">Valerio Zucchini<\/a>&nbsp;| Consultant mat\u00e9riel chanvre<\/li>\n<\/ul>\n\n\n\n<p class=\"has-text-align-center has-large-font-size\"><strong><mark style=\"background-color:rgba(0, 0, 0, 0)\" class=\"has-inline-color has-medium-orange-color\">Filateurs, tricoteurs, tisseurs, teinturiers<\/mark><\/strong><\/p>\n\n\n\n<ul class=\"wp-block-list\">\n<li><a href=\"https:\/\/www.atelierlaglaneuse.com\/\" data-type=\"URL\">Atelier La Glaneuse<\/a>&nbsp;| Tissage artisanal, Helo\u00efse VALET<\/li>\n\n\n\n<li>Au temps du fil | Tissage artisanal, Sylvia Bigler<\/li>\n\n\n\n<li><a href=\"http:\/\/www.bastien.fr\/ETS_BASTIEN_WEB\/FR\/Accueil.awp\" data-type=\"URL\" data-id=\"http:\/\/www.bastien.fr\/ETS_BASTIEN_WEB\/FR\/Accueil.awp\">Bastien Tissages Techniques<\/a> | Tissage agro-alimentaire<\/li>\n\n\n\n<li>Blue and Pastel | Culture et transformation du pastel<\/li>\n\n\n\n<li><a href=\"http:\/\/emanuel-lang.fr\" data-type=\"URL\" data-id=\"http:\/\/emanuel-lang.fr\">Emanuel Lang<\/a> | Tissage &#8211; Filature au sec<\/li>\n\n\n\n<li><a href=\"https:\/\/filoeuvre.com\">Filoeuvre<\/a>&nbsp;| Tricot, tissage, broderie, dentelle &#8211; atelier-boutique<\/li>\n\n\n\n<li><a href=\"https:\/\/www.goldecktextil.com\/?lang=en\">Goldeck Textil<\/a> | Tissage<\/li>\n\n\n\n<li><a href=\"https:\/\/www.instagram.com\/lafibredeschamps\/?hl=fr\" data-type=\"URL\" data-id=\"https:\/\/www.instagram.com\/lafibredeschamps\/?hl=fr\">La Fibre des Champs <\/a>| Teinture v\u00e9g\u00e9tale<\/li>\n\n\n\n<li><a href=\"https:\/\/www.facebook.com\/les.entrelacs.deslya\/\" data-type=\"URL\" data-id=\"https:\/\/www.facebook.com\/les.entrelacs.deslya\/\">Les entrelacs deslya<\/a>&nbsp;| Tissage artisanal tisserand<\/li>\n\n\n\n<li><a href=\"https:\/\/www.libecohomestores.eu\/fr\/?gclid=EAIaIQobChMIlJWe0JO16AIVS8DeCh1vdgriEAAYASAAEgJDY_D_BwE\" data-type=\"URL\" data-id=\"https:\/\/www.libecohomestores.eu\/fr\/?gclid=EAIaIQobChMIlJWe0JO16AIVS8DeCh1vdgriEAAYASAAEgJDY_D_BwE\">Libeco<\/a>&nbsp;| Tissage<\/li>\n\n\n\n<li><a href=\"https:\/\/www.linificio.it\" data-type=\"URL\" data-id=\"https:\/\/www.linificio.it\">Linificio e Canapificio Nazionale<\/a> | Filature<\/li>\n\n\n\n<li><a rel=\"noreferrer noopener\" href=\"https:\/\/linportant.fr\" target=\"_blank\">Linportant<\/a> | Tricotage lin bio<\/li>\n\n\n\n<li>NatUp Fibres | Peignage, Filature (2022), Tissage, Composite<\/li>\n\n\n\n<li><a href=\"https:\/\/www.origines-tissages.fr\/\" data-type=\"URL\" data-id=\"https:\/\/www.origines-tissages.fr\/\">Origines Tissages<\/a> | Tissage et cr\u00e9ation \u00e0 fa\u00e7on<\/li>\n\n\n\n<li><a href=\"https:\/\/pasteldelaserre.fr\/\" data-type=\"URL\" data-id=\"https:\/\/pasteldelaserre.fr\/\">Pastel de la Serre<\/a> | Culture, extraction et teinture au Pastel<\/li>\n\n\n\n<li><a href=\"https:\/\/www.safilin.fr\/\" data-type=\"URL\" data-id=\"https:\/\/www.safilin.fr\/\">SAFILIN<\/a> | Filature<\/li>\n\n\n\n<li>Syndicat professionnel des tisserands de Bretagne | Bruno Lesteven<\/li>\n\n\n\n<li>Tricot de la tour&nbsp;| Tricotage<\/li>\n\n\n\n<li>Velcorex&nbsp;| Teinture ennoblissement<\/li>\n\n\n\n<li><a href=\"https:\/\/www.virgocoop.fr\/\" data-type=\"URL\" data-id=\"https:\/\/www.virgocoop.fr\/\">Virgo coop&nbsp;<\/a>| D\u00e9veloppement fili\u00e8re chanvre textile sud-ouest<\/li>\n\n\n\n<li><a href=\"https:\/\/whole.fr\/\" data-type=\"URL\" data-id=\"https:\/\/whole.fr\/\">Whole<\/a> | Teintures v\u00e9g\u00e9tales<\/li>\n<\/ul>\n\n\n\n<p class=\"has-text-align-center has-large-font-size\"><strong><mark style=\"background-color:rgba(0, 0, 0, 0)\" class=\"has-inline-color has-medium-orange-color\">Pr\u00eat \u00e0 porter lin et chanvre, linge de maison et accessoires<\/mark><\/strong><\/p>\n\n\n\n<ul class=\"wp-block-list\">\n<li><a href=\"https:\/\/www.1083.fr\" data-type=\"URL\" data-id=\"https:\/\/www.1083.fr\">1083<\/a>&nbsp;| V\u00eatements<\/li>\n\n\n\n<li><a href=\"https:\/\/www.vetementsenlin.com\/\" data-type=\"URL\">Atelier de Claire et Gabriel<\/a>&nbsp;| Textile &#8211; v\u00eatements<\/li>\n\n\n\n<li><a href=\"https:\/\/www.angiebegreen.com\/\" data-type=\"URL\" data-id=\"https:\/\/www.angiebegreen.com\/\">Angie Be Green<\/a> | Produits z\u00e9ro d\u00e9chet<\/li>\n\n\n\n<li><a href=\"https:\/\/aubeline.boutique\" data-type=\"URL\" data-id=\"https:\/\/aubeline.boutique\">Aubeline<\/a>| V\u00eatements<\/li>\n\n\n\n<li>Chanvre Innovation&nbsp;| Produits en chanvre<\/li>\n\n\n\n<li><a href=\"https:\/\/www.chanvrel.com\" data-type=\"URL\" data-id=\"https:\/\/www.chanvrel.com\">Chanvrel<\/a>&nbsp;| Sacs en chanvre<\/li>\n\n\n\n<li>Chat&rsquo;lopette&nbsp;| V\u00eatements<\/li>\n\n\n\n<li><a href=\"https:\/\/www.couleur-chanvre.com\" data-type=\"URL\" data-id=\"https:\/\/www.couleur-chanvre.com\">Couleur chanvre<\/a>&nbsp;| Textile &#8211; Linge de maison<\/li>\n\n\n\n<li><a href=\"https:\/\/www.facebook.com\/Coureurs-des-bois-1216413271850046\/\" data-type=\"URL\" data-id=\"https:\/\/www.facebook.com\/Coureurs-des-bois-1216413271850046\/\">Coureurs des bois<\/a> | Sacs et bagages<\/li>\n\n\n\n<li><a href=\"http:\/\/crealin.fr\" data-type=\"URL\" data-id=\"http:\/\/crealin.fr\">CreaLIN<\/a>&nbsp;| Textile &#8211; sac<\/li>\n\n\n\n<li><a href=\"http:\/\/www.daily-bike.com\" data-type=\"URL\" data-id=\"www.daily-bike.com\">Daily Bike<\/a>&nbsp;| V\u00eatements de sport lin et chanvre<\/li>\n\n\n\n<li><a href=\"https:\/\/dererumnatura.fr\/shop\/fr\/\" data-type=\"URL\" data-id=\"https:\/\/dererumnatura.fr\/shop\/fr\/\">De Rerum Natura<\/a>&nbsp;| Fil \u00e0 tricoter<\/li>\n\n\n\n<li><a href=\"https:\/\/www.ecoute-bergere.fr\/\" data-type=\"URL\" data-id=\"https:\/\/www.ecoute-bergere.fr\/\">Ecoute Berg\u00e8re<\/a> | Tapissi\u00e8re &#8211; D\u00e9coratrice lin et chanvre<\/li>\n\n\n\n<li><a href=\"https:\/\/www.embrin.fr\/fr\" data-type=\"URL\" data-id=\"https:\/\/www.embrin.fr\/fr\">Embrin<\/a>&nbsp;| Textile &#8211; Linge de maison<\/li>\n\n\n\n<li><a href=\"https:\/\/filoeuvre.com\/\" data-type=\"URL\" data-id=\"https:\/\/filoeuvre.com\/\">Filoeuvre<\/a> | Fil \u00e0 broder, crocheter, tricoter &#8211; Ateliers<\/li>\n\n\n\n<li><a href=\"https:\/\/www.fil-etik.com\" data-type=\"URL\" data-id=\"https:\/\/www.fil-etik.com\">FilEtik<\/a> | Tissus<\/li>\n\n\n\n<li><a href=\"http:\/\/www.forweavers.com\" data-type=\"URL\" data-id=\"http:\/\/www.forweavers.com\">ForWeavers<\/a> | Tissus<\/li>\n\n\n\n<li><a href=\"https:\/\/gorfoo.net\" data-type=\"URL\" data-id=\"https:\/\/gorfoo.net\">Gorfoo<\/a>&nbsp;| V\u00eatements, accessoires en chanvre&nbsp;<\/li>\n\n\n\n<li><a href=\"https:\/\/gratitude-lin.fr\/\" data-type=\"URL\" data-id=\"https:\/\/gratitude-lin.fr\/\">Gratitude Lin<\/a> | V\u00eatements en lin<\/li>\n\n\n\n<li><a href=\"https:\/\/himalayan-made.fr\" data-type=\"URL\" data-id=\"https:\/\/himalayan-made.fr\">Himalayan Made<\/a>&nbsp;| Sacs et accessoires en chanvre<\/li>\n\n\n\n<li><a href=\"https:\/\/histon-project.com\" data-type=\"URL\" data-id=\"https:\/\/histon-project.com\">Histon project<\/a>&nbsp;| Textile &#8211; V\u00eatements en lin<\/li>\n\n\n\n<li><a href=\"https:\/\/www.ifa-creation.fr\" data-type=\"URL\" data-id=\"https:\/\/www.ifa-creation.fr\">Ifa<\/a>&nbsp;| Textile &#8211; V\u00eatements en chanvre<\/li>\n\n\n\n<li><a href=\"https:\/\/linetlautre-normandie.fr\" data-type=\"URL\" data-id=\"https:\/\/linetlautre-normandie.fr\">Innoflax<\/a>&nbsp;| Olivier Levasseur |&nbsp;Lin et l&rsquo;autre<\/li>\n\n\n\n<li><a href=\"https:\/\/irisens.fr\/\" data-type=\"URL\" data-id=\"https:\/\/irisens.fr\/\">Irisens<\/a> | V\u00eatements en lin<\/li>\n\n\n\n<li><a href=\"http:\/\/www.kalani-home.com\" data-type=\"URL\" data-id=\"www.kalani-home.com\">Kalani-Home <\/a>| Linge de maison<\/li>\n\n\n\n<li><a href=\"https:\/\/ker-mer.com\/\">Ker Mer<\/a> | Mode \u00e9thique<\/li>\n\n\n\n<li><a href=\"https:\/\/www.kipluzet.fr\" data-type=\"URL\" data-id=\"https:\/\/www.kipluzet.fr\">Kipluzet<\/a> | Textile en lin<\/li>\n\n\n\n<li><a href=\"https:\/\/www.kyewo.com\" data-type=\"URL\" data-id=\"https:\/\/www.kyewo.com\">Kyewo<\/a>&nbsp;| Textile &#8211; impression sur v\u00eatements<\/li>\n\n\n\n<li><a href=\"https:\/\/www.lacerisesurlegateau.fr\/fr\/\">La Cerise sur le g\u00e2teau<\/a> |Textile &#8211; Linge de maison<\/li>\n\n\n\n<li><a href=\"https:\/\/lafibrevoyageuse.fr\" data-type=\"URL\" data-id=\"https:\/\/lafibrevoyageuse.fr\">La fibre voyageuse<\/a>&nbsp;\u0399 Textile &#8211; cr\u00e9ations artisanales<\/li>\n\n\n\n<li><a href=\"https:\/\/lartisantisserin.com\/\" data-type=\"URL\" data-id=\"https:\/\/lartisantisserin.com\/\">L&rsquo;Artisan Tisserin<\/a> \u0399 Sacs et accessoires z\u00e9ro d\u00e9chet en lin et chanvre<\/li>\n\n\n\n<li><a href=\"https:\/\/www.facebook.com\/legauloisjeans\/\" data-type=\"URL\" data-id=\"https:\/\/www.facebook.com\/legauloisjeans\/\">Le Gaulois<\/a>&nbsp;| Jeaner&rsquo;s<\/li>\n\n\n\n<li><a href=\"https:\/\/lemoutongivre.com\" data-type=\"URL\" data-id=\"https:\/\/lemoutongivre.com\">Le mouton givr\u00e9<\/a>&nbsp;| Sacs isothermes \u00e0 base de chanvre<\/li>\n\n\n\n<li><a href=\"https:\/\/lesextra-ordinaires.fr\/\" data-type=\"URL\" data-id=\"https:\/\/lesextra-ordinaires.fr\/\">Les extra-ordinaires<\/a> | Produits z\u00e9ro d\u00e9chet<\/li>\n\n\n\n<li><a href=\"https:\/\/www.amandinecha.com\/fr\/\" data-type=\"URL\" data-id=\"https:\/\/www.amandinecha.com\/fr\/\">Les trouvailles d&rsquo;Amandine<\/a>&nbsp;| Tissus bio GOTS<\/li>\n\n\n\n<li><a href=\"https:\/\/mamodewagabonde.eproshopping.fr\/\">Ma mode vagabonde&nbsp;<\/a>| Cr\u00e9ations textiles en lin<\/li>\n\n\n\n<li><a href=\"https:\/\/www.maude-in-france.fr\/\">Maude in France<\/a> | Cr\u00e9ation d&rsquo;accessoires \u00e9coresponsables en lin, chanvre et laine<\/li>\n\n\n\n<li><a href=\"https:\/\/masherbrum.fr\" data-type=\"URL\" data-id=\"https:\/\/masherbrum.fr\">Masherbrum<\/a>&nbsp;| Cr\u00e9ateur tee-shirts<\/li>\n\n\n\n<li><a href=\"https:\/\/catherinemettetal.fr\" data-type=\"URL\" data-id=\"https:\/\/catherinemettetal.fr\">Mettetal Catherine<\/a> | \u00c9ditrice de tissus d&rsquo;ameublement<\/li>\n\n\n\n<li><a href=\"https:\/\/monsieurlechenvre.com\" data-type=\"URL\" data-id=\"https:\/\/monsieurlechenvre.com\">Monsieur Lechenvre<\/a>&nbsp;| Cr\u00e9ateur de v\u00eatements<\/li>\n\n\n\n<li><a href=\"https:\/\/www.montchatmichel.com\/\" data-type=\"URL\" data-id=\"https:\/\/www.montchatmichel.com\/\">Mont Chat Michel&nbsp;<\/a>| V\u00eatements en lin pour tout-petits<\/li>\n\n\n\n<li>Nathalie Revol et Jean-Jacques Dodier&nbsp;| ex-Peau de Chanvre<\/li>\n\n\n\n<li><a href=\"https:\/\/www.naturellementchanvre.com\/fr\/\" data-type=\"URL\" data-id=\"https:\/\/www.naturellementchanvre.com\/fr\/\">Naturellement chanvre<\/a> | Tissus, accessoires chanvre<\/li>\n\n\n\n<li><a href=\"http:\/\/www.naturhandelgutmann.de\" data-type=\"URL\" data-id=\"http:\/\/www.naturhandelgutmann.de\">Naturhandel Gutmann<\/a><\/li>\n\n\n\n<li><a href=\"https:\/\/www.paisan.fr\/\" data-type=\"URL\" data-id=\"https:\/\/www.paisan.fr\/\">Pa\u00efsan<\/a> | Editions d&rsquo;objets durables<\/li>\n\n\n\n<li><a rel=\"noreferrer noopener\" href=\"https:\/\/www.pattedeloup.fr\/\" target=\"_blank\">Patte de Loup<\/a> | V\u00eatements en chanvre<\/li>\n\n\n\n<li><a href=\"https:\/\/fibris.fr\" data-type=\"URL\" data-id=\"https:\/\/fibris.fr\">SARL Fibris<\/a>&nbsp;| V\u00eatements \u00e9cologiques<\/li>\n\n\n\n<li><a href=\"https:\/\/splice.paris\" data-type=\"URL\" data-id=\"https:\/\/splice.paris\">Spl!ce paris<\/a> | Cr\u00e9atrice v\u00eatements en lin<\/li>\n\n\n\n<li><a href=\"https:\/\/solciel.fr\/\">Solciel<\/a> | V\u00eatements en lin<\/li>\n\n\n\n<li><a href=\"https:\/\/www.stephaniepetuya.fr\/\" data-type=\"URL\" data-id=\"https:\/\/www.stephaniepetuya.fr\/\">St\u00e9phanie Petuya<\/a> | Cr\u00e9atrice literie d&rsquo;exception en lin et laine<\/li>\n\n\n\n<li><a href=\"https:\/\/artisanclothing.frama.site\" data-type=\"URL\" data-id=\"https:\/\/artisanclothing.frama.site\">Romain Guillaume<\/a> | Artisan Couture<\/li>\n\n\n\n<li><a href=\"https:\/\/www.tissagedesequanie.com\/\" data-type=\"URL\" data-id=\"https:\/\/www.tissagedesequanie.com\/\">Tissage de S\u00e9quanie<\/a> | Artisan Tisserand<\/li>\n\n\n\n<li><a href=\"https:\/\/www.ateliertuffery.com\" data-type=\"URL\" data-id=\"https:\/\/www.ateliertuffery.com\">Tuffery<\/a>&nbsp;| Jeaner&rsquo;s<\/li>\n\n\n\n<li><a href=\"https:\/\/uneautremode.fr\" data-type=\"URL\" data-id=\"https:\/\/uneautremode.fr\">Une autre mode est possible<\/a>&nbsp;| Collectif artistique textile<\/li>\n\n\n\n<li><a href=\"https:\/\/vege-tale.fr\/\" data-type=\"URL\" data-id=\"https:\/\/vege-tale.fr\/\">V\u00e9g\u00e9-tale<\/a> | Sacs et accessoires en mati\u00e8res 100% v\u00e9g\u00e9tales<\/li>\n\n\n\n<li><a href=\"https:\/\/vousenbio.fr\" data-type=\"URL\" data-id=\"https:\/\/vousenbio.fr\">Vous en bio<\/a>&nbsp;| V\u00eatements&nbsp;<\/li>\n\n\n\n<li><a href=\"https:\/\/w-a-v-i.com\/\" data-type=\"URL\" data-id=\"https:\/\/w-a-v-i.com\/\">Wavi<\/a> | V\u00eatements<\/li>\n\n\n\n<li><a href=\"https:\/\/youmiwi.com\" data-type=\"URL\" data-id=\"https:\/\/youmiwi.com\">Youmini<\/a>&nbsp;| V\u00eatements chanvre<\/li>\n<\/ul>\n\n\n\n<p class=\"has-text-align-center has-large-font-size\"><strong><mark style=\"background-color:rgba(0, 0, 0, 0)\" class=\"has-inline-color has-medium-orange-color\">Chanvre et lin alimentaire et \u00e9co-mat\u00e9riaux<\/mark><\/strong><\/p>\n\n\n\n<ul class=\"wp-block-list\">\n<li><a href=\"https:\/\/www.agrochanvre-ecoconstruction.com\" data-type=\"URL\" data-id=\"https:\/\/www.agrochanvre-ecoconstruction.com\">Agrochanvre<\/a> | Eco-construction<\/li>\n\n\n\n<li>Association R\u00e9gionale pour la Promotion de l\u2019Eco-construction ARPE Normandie<\/li>\n\n\n\n<li><a href=\"https:\/\/www.ecopertica.com\" data-type=\"URL\" data-id=\"https:\/\/www.ecopertica.com\">Ecopertica<\/a> | Eco-construction, Philippe Lambert<\/li>\n\n\n\n<li><a href=\"https:\/\/www.lchanvre.com\" data-type=\"URL\" data-id=\"https:\/\/www.lchanvre.com\">L&rsquo;Chanvre<\/a> | Produits alimentaires<\/li>\n\n\n\n<li><a href=\"https:\/\/www.domolandes.fr\/entreprises\/chanvres-de-latlantique\/\" data-type=\"URL\" data-id=\"https:\/\/www.domolandes.fr\/entreprises\/chanvres-de-latlantique\/\">Les chanvres de l&rsquo;Atlantique<\/a> | Chanvre \u2013 Alimentation<\/li>\n\n\n\n<li><a href=\"http:\/\/www.technichanvre.com\" data-type=\"URL\" data-id=\"http:\/\/www.technichanvre.com\">Technichanvre<\/a> | Eco-construction<\/li>\n\n\n\n<li><a href=\"http:\/\/wlc-concept.fr\" data-type=\"URL\" data-id=\"http:\/\/wlc-concept.fr\">WLC concept<\/a> | mat\u00e9riaux acoustiques<\/li>\n<\/ul>\n\n\n\n<p class=\"has-text-align-center has-large-font-size\"><strong><mark style=\"background-color:rgba(0, 0, 0, 0)\" class=\"has-inline-color has-medium-orange-color\">Recherche, Enseignement, D\u00e9veloppement<\/mark><\/strong><\/p>\n\n\n\n<ul class=\"wp-block-list\">\n<li><a href=\"https:\/\/www.facebook.com\/Association-Bretagne-Chanvre-D\u00e9veloppement-1578902698798398\/\" data-type=\"URL\" data-id=\"https:\/\/www.facebook.com\/Association-Bretagne-Chanvre-D\u00e9veloppement-1578902698798398\/\">Association Bretagne chanvre d\u00e9veloppement<\/a>&nbsp;<\/li>\n\n\n\n<li><a href=\"https:\/\/www.agrochanvre-ecoconstruction.com\/qui-sommes-nous\/les-producteurs-agrochanvre\/\" data-type=\"URL\" data-id=\"https:\/\/www.agrochanvre-ecoconstruction.com\/qui-sommes-nous\/les-producteurs-agrochanvre\/\">Association des producteurs de chanvre de Basse Normandie<\/a><\/li>\n\n\n\n<li><a href=\"https:\/\/www.biowallonie.com\/\" data-type=\"URL\" data-id=\"https:\/\/www.biowallonie.com\/\">BioWallonie<\/a> | D\u00e9veloppement de l&rsquo;agriculture bio en Wallonie<\/li>\n\n\n\n<li><a href=\"https:\/\/www.facebook.com\/ChanvreDesLandes\/\" data-type=\"URL\" data-id=\"https:\/\/www.facebook.com\/ChanvreDesLandes\/\">Chanvre des Landes<\/a><\/li>\n\n\n\n<li>Alix De Grandmaison&nbsp;| Recherche textile et botanique<\/li>\n\n\n\n<li><a href=\"https:\/\/www.enit.fr\/fr\/index.html\" data-type=\"URL\" data-id=\"https:\/\/www.enit.fr\/fr\/index.html\">Ecole Nationale d&rsquo;Ing\u00e9nieur de Tarbes<\/a> | R&amp;D plantes \u00e0 fibres europ\u00e9ennes<\/li>\n\n\n\n<li><a href=\"https:\/\/www.ecopertica.com\" data-type=\"URL\" data-id=\"https:\/\/www.ecopertica.com\">Ecopertica<\/a> | eco-construction<\/li>\n\n\n\n<li><a href=\"https:\/\/www.ville-noyalsurvilaine.fr\/contacts\/espace-eco-chanvre-et-fibres-vegetales\/\" data-type=\"URL\" data-id=\"https:\/\/www.ville-noyalsurvilaine.fr\/contacts\/espace-eco-chanvre-et-fibres-vegetales\/\">Espace Eco-Chanvre et fibres v\u00e9g\u00e9tales<\/a>&nbsp;|&nbsp; Promotion information chanvre<\/li>\n\n\n\n<li><a href=\"https:\/\/www.fashiongreenhub.org\/\">Fashion Green Hub<\/a> | Association mode \u00e9co-responsable<\/li>\n\n\n\n<li><a href=\"https:\/\/www.facebook.com\/HempInvest-178168762805058\/\" data-type=\"URL\" data-id=\"https:\/\/www.facebook.com\/HempInvest-178168762805058\/\">Hemp Invest<\/a> | Recherche et d\u00e9veloppement chanvre<\/li>\n\n\n\n<li><a href=\"https:\/\/www.hogent.be\" data-type=\"URL\" data-id=\"https:\/\/www.hogent.be\">Hogent<\/a>&nbsp;| Universit\u00e9 \u00e0 Gand (Belgique)<\/li>\n\n\n\n<li><a href=\"https:\/\/inagro.be\/eng\" data-type=\"URL\" data-id=\"https:\/\/inagro.be\/eng\">Inagro<\/a>&nbsp;| Institut de recherche en Belgique<\/li>\n\n\n\n<li><a href=\"http:\/\/www.legta-yvetot.epl76.fr\">Lyc\u00e9e agricole d&rsquo;Yvetot<\/a>&nbsp;| Enseignement agricole<\/li>\n\n\n\n<li><a href=\"https:\/\/www.noriap.com\" data-type=\"URL\" data-id=\"https:\/\/www.noriap.com\">Noriap<\/a>&nbsp;| Coop\u00e9rative agricole<\/li>\n\n\n\n<li><a href=\"https:\/\/www.paisan.fr\" data-type=\"URL\" data-id=\"https:\/\/www.paisan.fr\">PA\u00cfSAN<\/a> | Atelier d\u2019\u00e9ditions d\u2019objets durables pour cultiver le lien<\/li>\n\n\n\n<li><a href=\"https:\/\/www.sadef.fr\" data-type=\"URL\" data-id=\"https:\/\/www.sadef.fr\">SADEF agrostation<\/a>&nbsp;| Expertise agronomique<\/li>\n\n\n\n<li><a href=\"https:\/\/associationtmab.wordpress.com\" data-type=\"URL\" data-id=\"https:\/\/associationtmab.wordpress.com\">Textile M\u00e9tier Art Bretagne<\/a><\/li>\n\n\n\n<li><a href=\"http:\/\/www.univ-lemans.fr\/fr\/index.html\" data-type=\"URL\" data-id=\"http:\/\/www.univ-lemans.fr\/fr\/index.html\">Universit\u00e9 Le Mans<\/a>&nbsp;| Morgane Lemeunier<\/li>\n\n\n\n<li><a href=\"https:\/\/www.univ-tours.fr\" data-type=\"URL\" data-id=\"https:\/\/www.univ-tours.fr\">Universit\u00e9 Rabelais de Tours&nbsp;<\/a>| Terence Domer-Marie<\/li>\n\n\n\n<li><a href=\"http:\/\/www.valbiom.be\" data-type=\"URL\" data-id=\"http:\/\/www.valbiom.be\">ValBiom<\/a>&nbsp;| D\u00e9veloppement BioMat\u00e9riaux<\/li>\n\n\n\n<li><a href=\"https:\/\/viridigallus.com\/\" data-type=\"URL\" data-id=\"https:\/\/viridigallus.com\/\">VIRIDI Gallus<\/a> | Recherche et d\u00e9veloppement chanvre<\/li>\n<\/ul>\n\n\n\n<p class=\"has-text-align-center has-large-font-size\"><strong><mark style=\"background-color:rgba(0, 0, 0, 0)\" class=\"has-inline-color has-medium-orange-color\">Autres partenaires<\/mark><\/strong><\/p>\n\n\n\n<ul class=\"wp-block-list\">\n<li><a href=\"https:\/\/www.instagram.com\/cityzencat\/?hl=fr\" data-type=\"URL\" data-id=\"https:\/\/www.instagram.com\/cityzencat\/?hl=fr\">Catherine DAURIAC<\/a>, \u00e9co-journaliste<\/li>\n\n\n\n<li><a href=\"https:\/\/www.delphinedgarcia.com\" data-type=\"URL\" data-id=\"https:\/\/www.delphinedgarcia.com\">Delphine Debord<\/a>&nbsp;| Artiste peintre<\/li>\n\n\n\n<li><a href=\"https:\/\/greendoorstories.com\" data-type=\"URL\" data-id=\"https:\/\/greendoorstories.com\">Green Door Stories<\/a>&nbsp;| Marion Cl\u00e9ment styliste et r\u00e9alisatrice<\/li>\n\n\n\n<li>Nina GIORGI | consultant styliste<\/li>\n\n\n\n<li><a href=\"https:\/\/www.chateaudesplantes.com\/\">Pastelprod<\/a> | Produits de soin naturels<\/li>\n\n\n\n<li><a href=\"https:\/\/www.responseo.fr\" data-type=\"URL\" data-id=\"https:\/\/www.responseo.fr\">Responseo<\/a>&nbsp;| Conseil entreprise QSE RCE<\/li>\n\n\n\n<li>Christophe Dehondt<\/li>\n<\/ul>\n","protected":false},"excerpt":{"rendered":"<p>Nos partenaires financiers En 2022, les actions de l&rsquo;association concernant le chanvre sont soutenues par l&rsquo;Agence de l&rsquo;eau Seine-Normandie dans le cadre du projet \u00ab\u00a0l&rsquo;agriculture s&rsquo;adapte au changement climatique\u00a0\u00bb, et les actions relatives au lin sont soutenues par par l\u2019\u00c9tat dans le cadre du programme \u00ab\u00a0animation agriculture biologique\u00a0\u00bb. Les agriculteurs Travail de la fibre&nbsp;: teillage, &hellip; <a href=\"https:\/\/linetchanvrebio.org\/index.php\/2022\/11\/18\/adherents-et-partenaires\/\" class=\"more-link\">Continuer la lecture de <span class=\"screen-reader-text\">Adh\u00e9rents et partenaires<\/span> <span class=\"meta-nav\">&rarr;<\/span><\/a><\/p>\n","protected":false},"author":31,"featured_media":0,"comment_status":"open","ping_status":"open","sticky":false,"template":"","format":"standard","meta":{"footnotes":""},"categories":[39],"tags":[],"class_list":["post-67945","post","type-post","status-publish","format-standard","hentry","category-adherents"],"_links":{"self":[{"href":"https:\/\/linetchanvrebio.org\/index.php\/wp-json\/wp\/v2\/posts\/67945","targetHints":{"allow":["GET"]}}],"collection":[{"href":"https:\/\/linetchanvrebio.org\/index.php\/wp-json\/wp\/v2\/posts"}],"about":[{"href":"https:\/\/linetchanvrebio.org\/index.php\/wp-json\/wp\/v2\/types\/post"}],"author":[{"embeddable":true,"href":"https:\/\/linetchanvrebio.org\/index.php\/wp-json\/wp\/v2\/users\/31"}],"replies":[{"embeddable":true,"href":"https:\/\/linetchanvrebio.org\/index.php\/wp-json\/wp\/v2\/comments?post=67945"}],"version-history":[{"count":2,"href":"https:\/\/linetchanvrebio.org\/index.php\/wp-json\/wp\/v2\/posts\/67945\/revisions"}],"predecessor-version":[{"id":67947,"href":"https:\/\/linetchanvrebio.org\/index.php\/wp-json\/wp\/v2\/posts\/67945\/revisions\/67947"}],"wp:attachment":[{"href":"https:\/\/linetchanvrebio.org\/index.php\/wp-json\/wp\/v2\/media?parent=67945"}],"wp:term":[{"taxonomy":"category","embeddable":true,"href":"https:\/\/linetchanvrebio.org\/index.php\/wp-json\/wp\/v2\/categories?post=67945"},{"taxonomy":"post_tag","embeddable":true,"href":"https:\/\/linetchanvrebio.org\/index.php\/wp-json\/wp\/v2\/tags?post=67945"}],"curies":[{"name":"wp","href":"https:\/\/api.w.org\/{rel}","templated":true}]}}