{"id":2449,"date":"2021-06-29T09:48:07","date_gmt":"2021-06-29T08:48:07","guid":{"rendered":"https:\/\/linetchanvrebio.org\/?p=2449"},"modified":"2022-08-08T14:23:07","modified_gmt":"2022-08-08T13:23:07","slug":"merci-7emes-rencontres","status":"publish","type":"post","link":"https:\/\/linetchanvrebio.org\/index.php\/2021\/06\/29\/merci-7emes-rencontres\/","title":{"rendered":"Merci ! 7\u00e8mes Rencontres"},"content":{"rendered":"\n<p class=\"has-text-align-left\">Le 15 juin dernier, nous organisions les 7\u00e8mes rencontres des fili\u00e8res textiles Lin bio et chanvre textiles sous un beau soleil normand, pr\u00e8s de Caen.<\/p>\n\n\n\n<p class=\"has-text-align-left\">Lors de la cr\u00e9ation de l&rsquo;association en 2013, nous \u00e9tions quelques personnes et aujourd&rsquo;hui, nous nous sommes retrouv\u00e9s \u00e0 plus de 300 participants dans la ferme en agriculture biologique de Franck Durocher. <\/p>\n\n\n\n<p class=\"has-text-align-left\">Une journ\u00e9e incroyable sous le signe du collectif et du partage o\u00f9 nous observons avec fiert\u00e9 de nombreuses professions pr\u00e9sentes pour \u00e9changer et grandir ensemble. <\/p>\n\n\n\n<figure class=\"wp-block-image size-large\"><img loading=\"lazy\" decoding=\"async\" width=\"1024\" height=\"683\" src=\"https:\/\/linetchanvrebio.org\/wp-content\/uploads\/unnamed-2-1024x683.jpg\" alt=\"\" class=\"wp-image-2450\" srcset=\"https:\/\/linetchanvrebio.org\/wp-content\/uploads\/unnamed-2-1024x683.jpg 1024w, https:\/\/linetchanvrebio.org\/wp-content\/uploads\/unnamed-2-300x200.jpg 300w, https:\/\/linetchanvrebio.org\/wp-content\/uploads\/unnamed-2-150x100.jpg 150w, https:\/\/linetchanvrebio.org\/wp-content\/uploads\/unnamed-2-768x512.jpg 768w, https:\/\/linetchanvrebio.org\/wp-content\/uploads\/unnamed-2-1536x1024.jpg 1536w, https:\/\/linetchanvrebio.org\/wp-content\/uploads\/unnamed-2-2048x1365.jpg 2048w\" sizes=\"auto, (max-width: 1024px) 100vw, 1024px\" \/><figcaption class=\"wp-element-caption\">Visite des champs de lin et chanvre sur la ferme de Franck Durocher<\/figcaption><\/figure>\n\n\n\n<p>Toute l\u2019ann\u00e9e, nous \u0153uvrons pour f\u00e9d\u00e9rer les acteurs de la fili\u00e8re de l\u2019amont \u00e0 l\u2019aval : agriculteurs, semenciers, agronomes, teilleurs, peigneurs, filateurs, tisseurs, tricoteurs, teinturiers, ennoblisseurs, confectionneurs, stylistes, marques, logisticiens, distributeurs, bureaux de styles, producteurs de colorants, fabricants de machines pour toutes ces \u00e9tapes, f\u00e9d\u00e9rations professionnelles, formateurs, chercheurs, certificateurs, organismes publics de toutes sortes, financeurs, \u00e9lus, journalistes. <\/p>\n\n\n\n<p>Il est incroyable d\u2019observer la diversit\u00e9 des m\u00e9tiers au sein de l\u2019association et l&rsquo;\u00e9nergie positive qui s&rsquo;en d\u00e9gage. <\/p>\n\n\n\n<p>Nous sommes heureux d\u2019accueillir cette m\u00eame diversit\u00e9 pendant les rencontres et de voir les liens qui se tissent entre eux autour de valeurs qui nous sont ch\u00e8res : le d\u00e9veloppement du lin biologique textile, la recherche et d\u00e9veloppement du chanvre textile en France et enfin la relocalisation d\u2019une fili\u00e8re.<\/p>\n\n\n\n<p>Nous avons franchi un pas de g\u00e9ant pour la petite association que nous sommes, mais c\u2019est avec le sourire plein d\u2019espoir et de satisfaction que nous regardons les projets men\u00e9s par nos adh\u00e9rents se concr\u00e9tiser et \u00eatre grandement soutenus. <\/p>\n\n\n\n<p><img loading=\"lazy\" decoding=\"async\" width=\"16\" height=\"16\" alt=\"&#x1f9f5;\" src=\"https:\/\/static.xx.fbcdn.net\/images\/emoji.php\/v9\/ta0\/1\/16\/1f9f5.png\">De nouvelles filatures lin ont ouvert ou vont ouvrir leurs portes (<a href=\"http:\/\/emanuel-lang.fr\/\" data-type=\"URL\" data-id=\"http:\/\/emanuel-lang.fr\/\">Emanuel Lang,<\/a> <a href=\"https:\/\/www.velcorex.fr\/\" data-type=\"URL\" data-id=\"https:\/\/www.velcorex.fr\/\">Velcorex since,<\/a> <a href=\"https:\/\/www.safilin.fr\" data-type=\"URL\" data-id=\"https:\/\/www.safilin.fr\">Safilin<\/a>), d\u2019autres sont en chemin (<a href=\"https:\/\/www.instagram.com\/linfini.france\/\" data-type=\"URL\" data-id=\"https:\/\/www.instagram.com\/linfini.france\/\">Linfini en Bretagne<\/a>, NATUP en Normandie) et une \u00e9tude de faisabilit\u00e9 pour une filature en Normandie est men\u00e9e par Nina Giorgi.<\/p>\n\n\n\n<p><img loading=\"lazy\" decoding=\"async\" width=\"16\" height=\"16\" alt=\"&#x1f456;\" src=\"https:\/\/static.xx.fbcdn.net\/images\/emoji.php\/v9\/t6d\/1\/16\/1f456.png\">La R&amp;D du chanvre textile pilot\u00e9e par Nathalie Revol nous a permis de d\u00e9velopper les premiers prototype jeans 100% chanvre cultiv\u00e9 et fabriqu\u00e9 en France. Nous avons grand espoir pour la suite.<\/p>\n\n\n\n<p><img loading=\"lazy\" decoding=\"async\" width=\"16\" height=\"16\" alt=\"&#x1f33f;\" src=\"https:\/\/static.xx.fbcdn.net\/images\/emoji.php\/v9\/t1e\/1\/16\/1f33f.png\">Enfin des t-shirts en lin biologique dont le lin a pouss\u00e9 localement sont aujourd\u2019hui produits pr\u00e8s de Caen gr\u00e2ce \u00e0 <a href=\"https:\/\/www.facebook.com\/LINportant\/?__cft__[0]=AZUiYQtL2gA6_MNoswwIUFUn6XTWzbocX5Zknc86WXOx5JY-iF-HLrcRVWSLmBJlszUw87MZ2yDcXWaIPu6WtJGICa8jfF-hTuEYbmbTozc9VPUXX3a83ktoswaTut0Tz1bCW_69tsvFoTrufnU9DjgF8U7ix1-lJHNVP2OL5-InwGgnrZ-A9Oxsz5tI4-pgYf4&amp;__tn__=kK-R\">LINportant<\/a> Les surfaces de parcelles en lin bio sont \u00e9galement de plus en plus nombreuses. Merci \u00e0 tous pour votre pr\u00e9sence, votre bienveillance et votre enthousiasme. <\/p>\n\n\n\n<p>Un immense merci \u00e0 nos partenaires : <a href=\"https:\/\/agriculture.gouv.fr\/\" data-type=\"URL\" data-id=\"https:\/\/agriculture.gouv.fr\/\">Minist\u00e8re de l&rsquo;Agriculture et de l&rsquo;Alimentation<\/a><a href=\"https:\/\/www.normandie.fr\/\" data-type=\"URL\" data-id=\"https:\/\/www.normandie.fr\/\">, R\u00e9gion Normandie<\/a>, <a href=\"http:\/\/www.eau-seine-normandie.fr\/\">Agence de l&rsquo;eau Seine-Normandie<\/a>, Coop\u00e9rative de Teillage de Lin du plateau du Neubourg,  Coop\u00e9rative Agricole Lini\u00e8re du Nord de Caen, <a href=\"https:\/\/www.enit.fr\/fr\/index.html\" data-type=\"URL\" data-id=\"https:\/\/www.enit.fr\/fr\/index.html\">ENIT &#8211; Ecole Nationale d&rsquo;Ing\u00e9nieurs de Tarbes<\/a>, <a href=\"http:\/\/www.terredelin.com\/HP\/HPInternet.aspx\" data-type=\"URL\" data-id=\"http:\/\/www.terredelin.com\/HP\/HPInternet.aspx\">Terre de Lin Coop\u00e9rative<\/a>, <a href=\"https:\/\/www.safilin.fr\" data-type=\"URL\" data-id=\"https:\/\/www.safilin.fr\">Safilin 1778<\/a>, <a href=\"http:\/\/emanuel-lang.fr\/\">Emanuel Lang since 1856<\/a>, <a href=\"https:\/\/www.hemp-it.coop\/\" data-type=\"URL\" data-id=\"https:\/\/www.hemp-it.coop\/\">Hemp-it<\/a>, <a href=\"https:\/\/www.velcorex.fr\/\">Velcorex since 1828<\/a>, <a href=\"https:\/\/www.legauloisjeans.com\/\" data-type=\"URL\" data-id=\"https:\/\/www.legauloisjeans.com\/\">Le Gaulois Jeans<\/a>.<\/p>\n","protected":false},"excerpt":{"rendered":"<p>Le 15 juin dernier, nous organisions les 7\u00e8mes rencontres des fili\u00e8res textiles Lin bio et chanvre textiles sous un beau soleil normand, pr\u00e8s de Caen. Lors de la cr\u00e9ation de l&rsquo;association en 2013, nous \u00e9tions quelques personnes et aujourd&rsquo;hui, nous nous sommes retrouv\u00e9s \u00e0 plus de 300 participants dans la ferme en agriculture biologique de &hellip; <a href=\"https:\/\/linetchanvrebio.org\/index.php\/2021\/06\/29\/merci-7emes-rencontres\/\" class=\"more-link\">Continuer la lecture de <span class=\"screen-reader-text\">Merci ! 7\u00e8mes Rencontres<\/span> <span class=\"meta-nav\">&rarr;<\/span><\/a><\/p>\n","protected":false},"author":31,"featured_media":2450,"comment_status":"open","ping_status":"open","sticky":false,"template":"","format":"standard","meta":{"footnotes":""},"categories":[35],"tags":[38,37,36],"class_list":["post-2449","post","type-post","status-publish","format-standard","has-post-thumbnail","hentry","category-rencontres-lc-bio","tag-agriculture-bio","tag-fibres-locales","tag-rencontreslcbio"],"_links":{"self":[{"href":"https:\/\/linetchanvrebio.org\/index.php\/wp-json\/wp\/v2\/posts\/2449","targetHints":{"allow":["GET"]}}],"collection":[{"href":"https:\/\/linetchanvrebio.org\/index.php\/wp-json\/wp\/v2\/posts"}],"about":[{"href":"https:\/\/linetchanvrebio.org\/index.php\/wp-json\/wp\/v2\/types\/post"}],"author":[{"embeddable":true,"href":"https:\/\/linetchanvrebio.org\/index.php\/wp-json\/wp\/v2\/users\/31"}],"replies":[{"embeddable":true,"href":"https:\/\/linetchanvrebio.org\/index.php\/wp-json\/wp\/v2\/comments?post=2449"}],"version-history":[{"count":4,"href":"https:\/\/linetchanvrebio.org\/index.php\/wp-json\/wp\/v2\/posts\/2449\/revisions"}],"predecessor-version":[{"id":67782,"href":"https:\/\/linetchanvrebio.org\/index.php\/wp-json\/wp\/v2\/posts\/2449\/revisions\/67782"}],"wp:featuredmedia":[{"embeddable":true,"href":"https:\/\/linetchanvrebio.org\/index.php\/wp-json\/wp\/v2\/media\/2450"}],"wp:attachment":[{"href":"https:\/\/linetchanvrebio.org\/index.php\/wp-json\/wp\/v2\/media?parent=2449"}],"wp:term":[{"taxonomy":"category","embeddable":true,"href":"https:\/\/linetchanvrebio.org\/index.php\/wp-json\/wp\/v2\/categories?post=2449"},{"taxonomy":"post_tag","embeddable":true,"href":"https:\/\/linetchanvrebio.org\/index.php\/wp-json\/wp\/v2\/tags?post=2449"}],"curies":[{"name":"wp","href":"https:\/\/api.w.org\/{rel}","templated":true}]}}